{"id":6634,"date":"2026-02-25T11:07:23","date_gmt":"2026-02-25T10:07:23","guid":{"rendered":"https:\/\/hallingdalflyklubb.no\/wordpress\/?p=6634"},"modified":"2026-04-13T17:07:20","modified_gmt":"2026-04-13T15:07:20","slug":"fjelleir-for-skifly-2026","status":"publish","type":"post","link":"https:\/\/hallingdalflyklubb.no\/wordpress\/2026\/02\/25\/fjelleir-for-skifly-2026\/","title":{"rendered":"Fjelleir for skifly 2026!"},"content":{"rendered":"\n<figure class=\"wp-block-image size-large is-resized\"><a href=\"https:\/\/hallingdalflyklubb.no\/wordpress\/wp-content\/uploads\/2026\/02\/image.png\"><img loading=\"lazy\" decoding=\"async\" width=\"1024\" height=\"683\" src=\"https:\/\/hallingdalflyklubb.no\/wordpress\/wp-content\/uploads\/2026\/02\/image-1024x683.png\" alt=\"\" class=\"wp-image-6683\" style=\"aspect-ratio:1.482923883920148;width:552px;height:auto\" srcset=\"https:\/\/hallingdalflyklubb.no\/wordpress\/wp-content\/uploads\/2026\/02\/image-1024x683.png 1024w, https:\/\/hallingdalflyklubb.no\/wordpress\/wp-content\/uploads\/2026\/02\/image-450x300.png 450w, https:\/\/hallingdalflyklubb.no\/wordpress\/wp-content\/uploads\/2026\/02\/image-768x512.png 768w, https:\/\/hallingdalflyklubb.no\/wordpress\/wp-content\/uploads\/2026\/02\/image.png 1536w\" sizes=\"auto, (max-width: 1024px) 100vw, 1024px\" \/><\/a><\/figure>\n\n\n\n<p>V\u00e5ren vakreste eventyr er her \u2013 Fjelleir for skifly 2026!&nbsp;<img loading=\"lazy\" decoding=\"async\" alt=\"\u2708\ufe0f\" width=\"16\" height=\"16\" src=\"https:\/\/static.xx.fbcdn.net\/images\/emoji.php\/v9\/tb6\/1\/16\/2708.png\"><img loading=\"lazy\" decoding=\"async\" alt=\"\ud83c\udfd4\" width=\"16\" height=\"16\" src=\"https:\/\/static.xx.fbcdn.net\/images\/emoji.php\/v9\/t5b\/1\/16\/1f3d4.png\"><br>Tradisjonen tro arrangeres leiren p\u00e5 Filefjell, ved Utrovatnet.<\/p>\n\n\n\n<p><img loading=\"lazy\" decoding=\"async\" alt=\"\ud83d\udcc5\" width=\"16\" height=\"16\" src=\"https:\/\/static.xx.fbcdn.net\/images\/emoji.php\/v9\/t7e\/1\/16\/1f4c5.png\">&nbsp;Dato: Onsdag 22. \u2013 s\u00f8ndag 26. april 2026<\/p>\n\n\n\n<p><img loading=\"lazy\" decoding=\"async\" alt=\"\u2708\ufe0f\" width=\"16\" height=\"16\" src=\"https:\/\/static.xx.fbcdn.net\/images\/emoji.php\/v9\/tb6\/1\/16\/2708.png\">&nbsp;P\u00e5melding<\/p>\n\n\n\n<p>P\u00e5melding skjer direkte til Filefjellstuene, eller bruk linkene lenger ned:<br><img loading=\"lazy\" decoding=\"async\" alt=\"\ud83d\udce7\" width=\"16\" height=\"16\" src=\"https:\/\/static.xx.fbcdn.net\/images\/emoji.php\/v9\/tbe\/1\/16\/1f4e7.png\">&nbsp;booking@tyin.no<br><img loading=\"lazy\" decoding=\"async\" alt=\"\ud83d\udcde\" width=\"16\" height=\"16\" src=\"https:\/\/static.xx.fbcdn.net\/images\/emoji.php\/v9\/t4d\/1\/16\/1f4de.png\">&nbsp;46 66 56 65<\/p>\n\n\n\n<p>Vi har full fleksibilitet frem til 3 dager f\u00f8r ankomst (avbestilling innen 19. april).<\/p>\n\n\n\n<p><img loading=\"lazy\" decoding=\"async\" alt=\"\ud83d\uded1\" width=\"16\" height=\"16\" src=\"https:\/\/static.xx.fbcdn.net\/images\/emoji.php\/v9\/t9b\/1\/16\/1f6d1.png\">&nbsp;Det er begrenset antall plasser \u2013 det l\u00f8nner seg \u00e5 v\u00e6re tidlig ute.<\/p>\n\n\n\n<p>Arrang\u00f8r:<br>Hallingdal Flyklubb og Valdres Modellflyklubb<br>i samarbeid med Filefjellstuene og grunneier Sigrid Nystuen.<\/p>\n\n\n\n<p>Og ja \u2013 seilflygere: LN-GID \/ Mistral-C er p\u00e5 plass ogs\u00e5 i \u00e5r&nbsp;<img loading=\"lazy\" decoding=\"async\" alt=\"\ud83d\ude80\" width=\"16\" height=\"16\" src=\"https:\/\/static.xx.fbcdn.net\/images\/emoji.php\/v9\/tc6\/1\/16\/1f680.png\"><\/p>\n\n\n\n<p><img loading=\"lazy\" decoding=\"async\" alt=\"\ud83c\udfe8\" width=\"16\" height=\"16\" src=\"https:\/\/static.xx.fbcdn.net\/images\/emoji.php\/v9\/tfe\/1\/16\/1f3e8.png\">&nbsp;Overnatting:<br>Filefjellstuene tilbyr:<br>&#8211; Enkeltrom<br>&#8211; Dobbeltrom<br>&#8211; Hytter<br>Frokost er inkludert.<br>Baren er \u00e5pen p\u00e5 ettermiddag og kveld&nbsp;<img loading=\"lazy\" decoding=\"async\" alt=\"\ud83c\udf79\" width=\"16\" height=\"16\" src=\"https:\/\/static.xx.fbcdn.net\/images\/emoji.php\/v9\/ted\/1\/16\/1f379.png\"><\/p>\n\n\n\n<p><img loading=\"lazy\" decoding=\"async\" alt=\"\ud83c\udf89\" width=\"16\" height=\"16\" src=\"https:\/\/static.xx.fbcdn.net\/images\/emoji.php\/v9\/t8c\/1\/16\/1f389.png\">&nbsp;Fredag 24. april:<br>Tradisjonsrik festmiddag p\u00e5 Filefjellstuene \u2013 3-retters middag og s\u00e6rdeles god stemning&nbsp;<img loading=\"lazy\" decoding=\"async\" alt=\"\ud83d\ude0a\" width=\"16\" height=\"16\" src=\"https:\/\/static.xx.fbcdn.net\/images\/emoji.php\/v9\/t7f\/1\/16\/1f60a.png\"><\/p>\n\n\n\n<p><img loading=\"lazy\" decoding=\"async\" alt=\"\ud83d\udcb0\" width=\"16\" height=\"16\" src=\"https:\/\/static.xx.fbcdn.net\/images\/emoji.php\/v9\/t5a\/1\/16\/1f4b0.png\">&nbsp;Priser:<br>&#8211; Enkeltrom: kr 1 550,- per person<br>&#8211; Dobbeltrom: kr 1 750,- per rom<br>Middag: kr 295,- per dag<br>Festmiddag fredag (3-retters): kr 750,-<\/p>\n\n\n\n<p><img loading=\"lazy\" decoding=\"async\" alt=\"\ud83d\udeeb\" width=\"16\" height=\"16\" src=\"https:\/\/static.xx.fbcdn.net\/images\/emoji.php\/v9\/teb\/1\/16\/1f6eb.png\">&nbsp;Briefing og sikkerhetsm\u00f8te med Per &amp; P\u00e5l:<br><img loading=\"lazy\" decoding=\"async\" alt=\"\ud83d\udcc5\" width=\"16\" height=\"16\" src=\"https:\/\/static.xx.fbcdn.net\/images\/emoji.php\/v9\/t7e\/1\/16\/1f4c5.png\">&nbsp;Torsdag 23. april kl. 10.00<\/p>\n\n\n\n<p><img loading=\"lazy\" decoding=\"async\" alt=\"\ud83d\udcc6\" width=\"16\" height=\"16\" src=\"https:\/\/static.xx.fbcdn.net\/images\/emoji.php\/v9\/tff\/1\/16\/1f4c6.png\">&nbsp;Booking &amp; kjernetid:<br>Kjernetid er 22.\u201325. april (onsdag\u2013l\u00f8rdag), basert p\u00e5 erfaring fra tidligere \u00e5r. \u00d8nsker du \u00e5 komme f\u00f8r eller bli lenger, gjelder samme priser.<\/p>\n\n\n\n<p>Onsdag &#8211; L\u00f8rdag, 22\u201325 april:<br><a href=\"https:\/\/l.facebook.com\/l.php?u=https%3A%2F%2Fbook.tyinfilefjell.no%2Fpackage%2Fpackage-details%3FchannelId%3Dba4bc793-ad2f-4454-a390-de94fefc28a8%26culture%3Dnb%26packageId%3D0669a2c3-da4f-4535-9fc1-ab2eba650d2a%26year%3D2026%26month%3D4%26day%3D22%26stayLength%3D3%26roomConfig%3Da2%26promoCode%3Dflyleir26%26fbclid%3DIwZXh0bgNhZW0CMTAAYnJpZBExVldwcVhSQjNpYTZUeHB1enNydGMGYXBwX2lkEDIyMjAzOTE3ODgyMDA4OTIAAR5ZWlsvlPql7sIi2djUdUkjZZh87sOTFsbCyQ-V5JMr4pTCA1Dwkldq5PitOQ_aem_Vc1Fa6xHaAMDIh9EXmK4_w&amp;h=AT6Qyn4MYIYB4AaiWY6erF1gi7R8BSD8T4CEyxZSgoYZ9-NLSDNnsF0RHPPl6vBZfsTwo6KKhs6VrV2HsqYYstoIrOzTQatm8I9Ol8j9qcQM-7EuDof65wS38Vs0dBce9qhcYlAsuYYvMg&amp;__tn__=q&amp;c[0]=AT6yBNbdFONZCMX7YW5bvVtrApvyi5h_toevxI9mEQ9MBHtknG5xDPehzRfzLU6YRe_6Dk_jRLHx00Z5TyEOSIcJKvxFs_PqlFiz7rxzdSV0iiFEbser1O1V1yWwdnR9\">https:\/\/book.tyinfilefjell.no\/package\/package-details&#8230;<\/a><\/p>\n\n\n\n<p>Torsdag &#8211; L\u00f8rdag, 23\u201325 april:<br><a href=\"https:\/\/l.facebook.com\/l.php?u=https%3A%2F%2Fbook.tyinfilefjell.no%2Fpackage%2Fpackage-details%3FchannelId%3Dba4bc793-ad2f-4454-a390-de94fefc28a8%26culture%3Dnb%26packageId%3Dd8232513-fd54-41bd-ac19-39870776c430%26year%3D2026%26month%3D4%26day%3D23%26stayLength%3D2%26roomConfig%3Da2%26promoCode%3Dflyleir26%26fbclid%3DIwZXh0bgNhZW0CMTAAYnJpZBExVldwcVhSQjNpYTZUeHB1enNydGMGYXBwX2lkEDIyMjAzOTE3ODgyMDA4OTIAAR5rgdpHie3bcIow9MVLRGwR5F5QWaeEJdHh9a79HNQwajt6E15mSC4QnG9j0w_aem_h5EUyqRKuBs6pL5KOykX6g&amp;h=AT4KoPzjII2RCg2mlxvQbf8MD0XdGh0wW2yq9bEmzYssmSFstHhK1EphAWR9RO1EqXc0-4xxpAyMgMdBwKSdKcLrUQLG8GhCL45bUjBYo7lJBYrehj0KqjW9qW8-ikINHdPhXZLJJacvWQ&amp;__tn__=q&amp;c[0]=AT6yBNbdFONZCMX7YW5bvVtrApvyi5h_toevxI9mEQ9MBHtknG5xDPehzRfzLU6YRe_6Dk_jRLHx00Z5TyEOSIcJKvxFs_PqlFiz7rxzdSV0iiFEbser1O1V1yWwdnR9\">https:\/\/book.tyinfilefjell.no\/package\/package-details&#8230;<\/a><\/p>\n\n\n\n<p>(Husk: fortsett uten tilvalg. Ved hytte, skriv inn navn p\u00e5 de du skal bo sammen med under \u201cSpesiell foresp\u00f8rsel\u201d.)<\/p>\n\n\n\n<p><img loading=\"lazy\" decoding=\"async\" width=\"16\" height=\"16\" src=\"https:\/\/static.xx.fbcdn.net\/images\/emoji.php\/v9\/t4d\/1\/16\/1f4de.png\" alt=\"\ud83d\udcde\">&nbsp;Kontakt:<br>Hallingdal Flyklubb<br>Lasse Nystuen \u2013 992 87 118 \u2013 <a href=\"mailto:lassenystuen@outlook.com\">lassenystuen@outlook.com<\/a><br>Per Semeleng \u2013 958 74 075 \u2013 <a href=\"mailto:per.semeleng@gmail.com\">per.semeleng@gmail.com<\/a><\/p>\n\n\n\n<p>Valdres Modellflyklubb<br>Rune Larsen \u2013 909 44 011 \u2013<a href=\"rune@rwl.no\"> rune@rwl.no<\/a><\/p>\n\n\n\n<p>Filefjellstuene<br>Anna Ferm \u2013 46 66 56 65 \u2013 <a href=\"mailto:booking@tyin.no\">booking@tyin.no<\/a><br>(Merk: Fjelleir 2026)<\/p>\n\n\n\n<p>Vi gleder oss til nok en fantastisk flyleir p\u00e5 Filefjell!&nbsp;<img loading=\"lazy\" decoding=\"async\" alt=\"\u2708\ufe0f\" width=\"16\" height=\"16\" src=\"https:\/\/static.xx.fbcdn.net\/images\/emoji.php\/v9\/tb6\/1\/16\/2708.png\"><img loading=\"lazy\" decoding=\"async\" alt=\"\ud83c\udfd4\" width=\"16\" height=\"16\" src=\"https:\/\/static.xx.fbcdn.net\/images\/emoji.php\/v9\/t5b\/1\/16\/1f3d4.png\"><\/p>\n\n\n\n<p><\/p>\n","protected":false},"excerpt":{"rendered":"<p>V\u00e5ren vakreste eventyr er her \u2013 Fjelleir for skifly 2026!&nbsp;Tradisjonen tro arrangeres leiren p\u00e5 Filefjell, ved Utrovatnet. &nbsp;Dato: Onsdag 22. \u2013 s\u00f8ndag 26. april 2026 &nbsp;P\u00e5melding P\u00e5melding skjer direkte til Filefjellstuene, eller bruk linkene lenger ned:&nbsp;booking@tyin.no&nbsp;46 66 56 65 Vi &hellip; <a href=\"https:\/\/hallingdalflyklubb.no\/wordpress\/2026\/02\/25\/fjelleir-for-skifly-2026\/\">Les videre <span class=\"meta-nav\">&rarr;<\/span><\/a><\/p>\n","protected":false},"author":9,"featured_media":0,"comment_status":"closed","ping_status":"closed","sticky":false,"template":"","format":"standard","meta":{"footnotes":""},"categories":[3],"tags":[],"class_list":["post-6634","post","type-post","status-publish","format-standard","hentry","category-beskjeder"],"_links":{"self":[{"href":"https:\/\/hallingdalflyklubb.no\/wordpress\/wp-json\/wp\/v2\/posts\/6634","targetHints":{"allow":["GET"]}}],"collection":[{"href":"https:\/\/hallingdalflyklubb.no\/wordpress\/wp-json\/wp\/v2\/posts"}],"about":[{"href":"https:\/\/hallingdalflyklubb.no\/wordpress\/wp-json\/wp\/v2\/types\/post"}],"author":[{"embeddable":true,"href":"https:\/\/hallingdalflyklubb.no\/wordpress\/wp-json\/wp\/v2\/users\/9"}],"replies":[{"embeddable":true,"href":"https:\/\/hallingdalflyklubb.no\/wordpress\/wp-json\/wp\/v2\/comments?post=6634"}],"version-history":[{"count":8,"href":"https:\/\/hallingdalflyklubb.no\/wordpress\/wp-json\/wp\/v2\/posts\/6634\/revisions"}],"predecessor-version":[{"id":6684,"href":"https:\/\/hallingdalflyklubb.no\/wordpress\/wp-json\/wp\/v2\/posts\/6634\/revisions\/6684"}],"wp:attachment":[{"href":"https:\/\/hallingdalflyklubb.no\/wordpress\/wp-json\/wp\/v2\/media?parent=6634"}],"wp:term":[{"taxonomy":"category","embeddable":true,"href":"https:\/\/hallingdalflyklubb.no\/wordpress\/wp-json\/wp\/v2\/categories?post=6634"},{"taxonomy":"post_tag","embeddable":true,"href":"https:\/\/hallingdalflyklubb.no\/wordpress\/wp-json\/wp\/v2\/tags?post=6634"}],"curies":[{"name":"wp","href":"https:\/\/api.w.org\/{rel}","templated":true}]}}